{"id":11781,"date":"2020-11-26T10:00:00","date_gmt":"2020-11-26T08:00:00","guid":{"rendered":"https:\/\/newsroom.mypostcard.com\/?p=11781"},"modified":"2021-01-29T15:14:22","modified_gmt":"2021-01-29T13:14:22","slug":"write-for-rights-mypostcard-unterstutzt-kampagne-von-amnesty-international","status":"publish","type":"post","link":"https:\/\/newsroom.mypostcard.com\/de\/write-for-rights-mypostcard-unterstutzt-kampagne-von-amnesty-international\/","title":{"rendered":"Write For Rights &#8211; MyPostcard unterst\u00fctzt Kampagne von Amnesty International"},"content":{"rendered":"<p><strong>Berlin, 26.11.2020&nbsp;<\/strong>\u2014 Manchmal kann eine Postkarte ein Leben ver\u00e4ndern: Das ist der Gedanke hinter der wichtigen Aktion Write for Rights von&nbsp;<a href=\"https:\/\/www.amnesty.org\/en\/\">Amnesty International<\/a>. Gemeinsam mit&nbsp;<a href=\"http:\/\/www.mypostcard.com\/\">MyPostcard<\/a>&nbsp;ruft die Organisation dazu auf, Postkarten f\u00fcr Menschen zu versenden, deren Menschenrechte verletzt werden und die Willk\u00fcr ausgesetzt sind.<\/p>\n\n\n\n<h2 class=\"wp-block-heading\">Write for Rights &#8211; Postkarten der Hoffnung<\/h2>\n\n\n\n<p><a href=\"https:\/\/www.amnesty.org\/en\/get-involved\/write-for-rights\/\">Write for Rights<\/a>&nbsp;ist inzwischen die gr\u00f6\u00dfte weltweite Aktion von Amnesty International. Rund um den Tag der Menschenrechte am 10. Dezember schreiben Unterst\u00fctzerInnen weltweit Briefe, Postkarten und E-Mails f\u00fcr Menschen, die angegriffen, bedroht oder zu Unrecht inhaftiert sind.<\/p>\n\n\n\n<p>Post aus aller Welt kann ein wirksamer Schutz f\u00fcr Gefangene sein \u2013 sie zeigt Regierungs- und Gef\u00e4ngnisbeh\u00f6rden, dass die Welt zusieht. Daher unterst\u00fctzt MyPostcard die wichtige Arbeit von Amnesty International mit einer gemeinsamen Postkartenaktion.<\/p>\n\n\n\n<div class=\"wp-block-image\"><figure class=\"alignleft\"><img decoding=\"async\" width=\"300\" height=\"169\" src=\"https:\/\/newsroom.mypostcard.com\/wp-content\/uploads\/2020\/11\/Amnesty_Deutschland_Ines_WILDHAGE_web-300x169.jpg\" alt=\"Ines Wildhage Amnesty\" class=\"wp-image-11784\" loading=\"lazy\" srcset=\"https:\/\/newsroom-6aa0.kxcdn.com\/wp-content\/uploads\/2020\/11\/Amnesty_Deutschland_Ines_WILDHAGE_web-300x169.jpg 300w, https:\/\/newsroom-6aa0.kxcdn.com\/wp-content\/uploads\/2020\/11\/Amnesty_Deutschland_Ines_WILDHAGE_web-1024x577.jpg 1024w, https:\/\/newsroom-6aa0.kxcdn.com\/wp-content\/uploads\/2020\/11\/Amnesty_Deutschland_Ines_WILDHAGE_web-768x433.jpg 768w, https:\/\/newsroom-6aa0.kxcdn.com\/wp-content\/uploads\/2020\/11\/Amnesty_Deutschland_Ines_WILDHAGE_web-1536x866.jpg 1536w, https:\/\/newsroom-6aa0.kxcdn.com\/wp-content\/uploads\/2020\/11\/Amnesty_Deutschland_Ines_WILDHAGE_web-2048x1154.jpg 2048w, https:\/\/newsroom-6aa0.kxcdn.com\/wp-content\/uploads\/2020\/11\/Amnesty_Deutschland_Ines_WILDHAGE_web-1200x676.jpg 1200w\" sizes=\"auto, (max-width: 300px) 100vw, 300px\" \/><figcaption>Ines Wildhage, Amnesty International<\/figcaption><\/figure><\/div>\n\n\n\n<blockquote class=\"wp-block-quote is-layout-flow wp-block-quote-is-layout-flow\"><p>\u201eJeder Brief und jede Postkarte z\u00e4hlt \u2013 denn sie k\u00f6nnen Folter verhindern, Haftbedingungen verbessern oder sogar Leben retten. Letztes Jahr sind 6 Millionen Briefe, E-Mails und Postkarten verschickt worden. Das hat eine enorme Kraft. Ein oder zwei Briefe k\u00f6nnen von den Verantwortlichen ignoriert werden &#8211; Hunderttausende nicht\u201c,\u00a0so Ines Wildhage, Referentin Cross Media bei Amnesty.<\/p><p><\/p><cite><br><\/cite><\/blockquote>\n\n\n\n<div class=\"wp-block-image\"><figure class=\"alignright size-medium is-resized\"><img decoding=\"async\" src=\"https:\/\/newsroom.mypostcard.com\/wp-content\/uploads\/2020\/11\/MyPostcard-Felix-Wunderlich_web-300x202.jpg\" alt=\"Felix Wunderlich MyPostcard\" class=\"wp-image-11785\" width=\"292\" height=\"197\" loading=\"lazy\" srcset=\"https:\/\/newsroom-6aa0.kxcdn.com\/wp-content\/uploads\/2020\/11\/MyPostcard-Felix-Wunderlich_web-300x202.jpg 300w, https:\/\/newsroom-6aa0.kxcdn.com\/wp-content\/uploads\/2020\/11\/MyPostcard-Felix-Wunderlich_web-1024x689.jpg 1024w, https:\/\/newsroom-6aa0.kxcdn.com\/wp-content\/uploads\/2020\/11\/MyPostcard-Felix-Wunderlich_web-768x517.jpg 768w, https:\/\/newsroom-6aa0.kxcdn.com\/wp-content\/uploads\/2020\/11\/MyPostcard-Felix-Wunderlich_web-1536x1034.jpg 1536w, https:\/\/newsroom-6aa0.kxcdn.com\/wp-content\/uploads\/2020\/11\/MyPostcard-Felix-Wunderlich_web-2048x1379.jpg 2048w, https:\/\/newsroom-6aa0.kxcdn.com\/wp-content\/uploads\/2020\/11\/MyPostcard-Felix-Wunderlich_web-1200x808.jpg 1200w, https:\/\/newsroom-6aa0.kxcdn.com\/wp-content\/uploads\/2020\/11\/MyPostcard-Felix-Wunderlich_web-128x86.jpg 128w\" sizes=\"auto, (max-width: 292px) 100vw, 292px\" \/><figcaption>Felix Wunderlich, MyPostcard<\/figcaption><\/figure><\/div>\n\n\n\n<blockquote class=\"wp-block-quote is-layout-flow wp-block-quote-is-layout-flow\"><p>\u201eIch freue mich sehr, dass wir mit MyPostcard die wichtige und notwendige Arbeit von Amnesty International unterst\u00fctzen k\u00f6nnen. Wir z\u00e4hlen auf das Engagement unserer Nutzer und sind zuversichtlich, dass die M\u00f6glichkeit, mit nur ein paar Klicks online eine echte Postkarte an Verantwortliche weltweit zu verschicken, den Impact von Write for Rights erh\u00f6hen wird\u201c, so Felix Wunderlich, Head of Business Development bei MyPostcard. Er erg\u00e4nzt: \u201eEs liegt uns am Herzen, politischen Gefangenen weltweit eine Stimme zu geben und wir sind froh, dass wir mit unseren Postkarten einen Beitrag dazu leisten k\u00f6nnen\u201c.<\/p><\/blockquote>\n\n\n\n<h2 class=\"wp-block-heading\">Die Aktion<\/h2>\n\n\n\n<p>Einfach die kostenlose App herunterladen oder die Website\u00a0<a href=\"http:\/\/www.mypostcard.com\/\">www.mypostcard.com<\/a>\u00a0\u00f6ffnen. Dort das\u00a0<a href=\"https:\/\/www.mypostcard.com\/en\/designs\/amnesty-international\">Designprofil<\/a>\u00a0von Amnesty International und der Aktion Write for Rights aufrufen. F\u00fcr den Versand stehen 10 Motive zur Verf\u00fcgung und damit 10 Geschichten und Schicksale, die Unterst\u00fctzung erfordern. Die Adresse und der Text sind voreingestellt. Empf\u00e4nger sind Beh\u00f6rden, die nachdr\u00fccklich auf die Missst\u00e4nde aufmerksam und zu einer Kl\u00e4rung aufgerufen werden. Die ersten 500 Postkarten sind kostenlos, alle weiteren k\u00f6nnen f\u00fcr nur 0,99\u20ac versendet werden und einen entscheidenden Unterschied machen.\u00a0<\/p>\n\n\n\n<p>Jedes Jahr schreiben Millionen von Menschen Briefe und Postkarten, unterzeichnen Petitionen und organisieren Veranstaltungen. Und haben damit Erfolg! Menschen werden befreit und Gerechtigkeit wiederhergestellt. Jede Aktion z\u00e4hlt.<\/p>\n\n\n\n<h2 class=\"wp-block-heading\">\u00dcber Amnesty International\u00a0<\/h2>\n\n\n\n<p><a href=\"https:\/\/www.amnesty.org\/en\/\">Amnesty International&nbsp;<\/a>&nbsp;ist die weltweit gr\u00f6\u00dfte Bewegung, die f\u00fcr die Menschenrechte eintritt. Amnesty ist unabh\u00e4ngig von Regierungen, Parteien, Ideologien, Wirtschaftsinteressen und Religionen. Um diese Unabh\u00e4ngigkeit zu sichern, wird die Menschenrechtsarbeit von Amnesty International allein aus Spenden und Mitgliedsbeitr\u00e4gen finanziert. Amnestys Kampagnen und Aktionen basieren auf den Grunds\u00e4tzen der Allgemeinen Erkl\u00e4rung der Menschenrechte.<\/p>\n\n\n\n<h2 class=\"wp-block-heading\">\u00dcber MyPostcard<\/h2>\n\n\n\n<p>Die Postkarte von morgen:&nbsp;<a href=\"http:\/\/www.mypostcard.com\/\">MyPostcard<\/a>&nbsp;ist Deutschlands erfolgreichste Postkarten App, die es erm\u00f6glicht, eigene Fotos als echte gedruckte Postkarte zu versenden. Die App ist aktuell weltweit in zehn Sprachen verf\u00fcgbar und bietet mit \u00fcber 50.000 Designs das weltweit gr\u00f6\u00dfte Postkartenangebot. MyPostcard k\u00fcmmert sich mit Hilfe eines internationalen Druckerei-Netzwerkes um den Druck, die Frankierung und den weltweiten Versand der personalisierten Postkarten. Gr\u00fcnder und CEO ist Designer und Serial-Entrepreneur Oliver Kray. Das Unternehmen mit Sitz in Berlin und einem B\u00fcro in New York besch\u00e4ftigt momentan 30 Mitarbeiter und geh\u00f6rt im Ranking der Financial Times zu den Top 1000 Fastest Growing Companies in Europa, im Bereich E-Commerce belegt MyPostcard europaweit sogar Platz 19.&nbsp;<\/p>\n\n\n\n<h2 class=\"wp-block-heading\">F\u00fcr weitere Informationen und R\u00fcckfragen:<\/h2>\n\n\n\n<p>Maria Gomelskaia<br>MyPostcard.com GmbH<br>Hohenzollerndamm 3<br>10717 Berlin<br>Tel.+49&nbsp;30 \u2013 403 64 54 25<br>maria@mypostcard.com<br><a href=\"http:\/\/www.mypostcard.com\/\">www.mypostcard.com<\/a><\/p>\n\n\n\n<p>Sarah Mikoleizik<br>Wilde &amp; Partner<br>Franziskanerstra\u00dfe 14<br>81669 M\u00fcnchen<br>Tel. +49 (0)89 -17 91 90 -50<br>Fax: +49 (0)89 -17 91 90 \u2013 99<br>sarah.mikoleizik@wilde.de<br><a href=\"http:\/\/www.wilde.de\/\">www.wilde.de<\/a><\/p>\n\n\n\n<h2 class=\"wp-block-heading\">Hier finden Sie die Pressemitteilung als PDF Dokument:<\/h2>\n\n\n\n<div class=\"wp-block-file\"><a href=\"https:\/\/newsroom.mypostcard.com\/wp-content\/uploads\/2020\/11\/PRESSEMITTEILUNG-Amnesty-International.pdf\">PRESSEMITTEILUNG &#8211; Amnesty International<\/a><a href=\"https:\/\/newsroom.mypostcard.com\/wp-content\/uploads\/2020\/11\/PRESSEMITTEILUNG-Amnesty-International.pdf\" class=\"wp-block-file__button\" download>Herunterladen<\/a><\/div>","protected":false},"excerpt":{"rendered":"<p>Berlin, 26.11.2020&nbsp;\u2014 Manchmal kann eine Postkarte ein Leben ver\u00e4ndern: Das ist der Gedanke hinter der wichtigen Aktion Write for Rights von&nbsp;Amnesty International. Gemeinsam mit&nbsp;MyPostcard&nbsp;ruft die Organisation dazu auf, Postkarten f\u00fcr Menschen zu versenden, deren Menschenrechte verletzt werden und die Willk\u00fcr ausgesetzt sind. Write for Rights &#8211; Postkarten der Hoffnung Write for Rights&nbsp;ist inzwischen die gr\u00f6\u00dfte<\/p>","protected":false},"author":2,"featured_media":11782,"comment_status":"closed","ping_status":"open","sticky":false,"template":"","format":"standard","meta":{"inline_featured_image":false,"_monsterinsights_skip_tracking":false,"_monsterinsights_sitenote_active":false,"_monsterinsights_sitenote_note":"","_monsterinsights_sitenote_category":0,"footnotes":""},"categories":[466,152,448],"tags":[],"class_list":{"0":"post-11781","1":"post","2":"type-post","3":"status-publish","4":"format-standard","5":"has-post-thumbnail","7":"category-alle","8":"category-news","9":"category-soziales-engagement"},"yoast_head":"<!-- This site is optimized with the Yoast SEO plugin v27.4 - https:\/\/yoast.com\/product\/yoast-seo-wordpress\/ -->\n<title>Write For Rights - MyPostcard unterst\u00fctzt Kampagne von Amnesty International - MyPostcard Newsroom<\/title>\n<meta name=\"description\" content=\"MyPostcard unterst\u00fctzt die Kampagne Write for Rights von Amnesty International und ruft dazu auf, Postkarten f\u00fcr Menschenrechte zu versenden.\" \/>\n<meta name=\"robots\" content=\"index, follow, max-snippet:-1, max-image-preview:large, max-video-preview:-1\" \/>\n<link rel=\"canonical\" href=\"https:\/\/newsroom.mypostcard.com\/de\/write-for-rights-mypostcard-unterstutzt-kampagne-von-amnesty-international\/\" \/>\n<meta property=\"og:locale\" content=\"de_DE\" \/>\n<meta property=\"og:type\" content=\"article\" \/>\n<meta property=\"og:title\" content=\"Write For Rights - MyPostcard unterst\u00fctzt Kampagne von Amnesty International - MyPostcard Newsroom\" \/>\n<meta property=\"og:description\" content=\"MyPostcard unterst\u00fctzt die Kampagne Write for Rights von Amnesty International und ruft dazu auf, Postkarten f\u00fcr Menschenrechte zu versenden.\" \/>\n<meta property=\"og:url\" content=\"https:\/\/newsroom.mypostcard.com\/de\/write-for-rights-mypostcard-unterstutzt-kampagne-von-amnesty-international\/\" \/>\n<meta property=\"og:site_name\" content=\"MyPostcard Newsroom\" \/>\n<meta property=\"article:published_time\" content=\"2020-11-26T08:00:00+00:00\" \/>\n<meta property=\"article:modified_time\" content=\"2021-01-29T13:14:22+00:00\" \/>\n<meta property=\"og:image\" content=\"https:\/\/newsroom.mypostcard.com\/wp-content\/uploads\/2020\/11\/MPC_amnesty_graphic.jpg\" \/>\n\t<meta property=\"og:image:width\" content=\"1196\" \/>\n\t<meta property=\"og:image:height\" content=\"849\" \/>\n\t<meta property=\"og:image:type\" content=\"image\/jpeg\" \/>\n<meta name=\"author\" content=\"Maria Gomelskaia\" \/>\n<meta name=\"twitter:card\" content=\"summary_large_image\" \/>\n<meta name=\"twitter:label1\" content=\"Verfasst von\" \/>\n\t<meta name=\"twitter:data1\" content=\"Maria Gomelskaia\" \/>\n\t<meta name=\"twitter:label2\" content=\"Gesch\u00e4tzte Lesezeit\" \/>\n\t<meta name=\"twitter:data2\" content=\"3\u00a0Minuten\" \/>\n<script type=\"application\/ld+json\" class=\"yoast-schema-graph\">{\"@context\":\"https:\\\/\\\/schema.org\",\"@graph\":[{\"@type\":\"Article\",\"@id\":\"https:\\\/\\\/newsroom.mypostcard.com\\\/de\\\/write-for-rights-mypostcard-unterstutzt-kampagne-von-amnesty-international\\\/#article\",\"isPartOf\":{\"@id\":\"https:\\\/\\\/newsroom.mypostcard.com\\\/de\\\/write-for-rights-mypostcard-unterstutzt-kampagne-von-amnesty-international\\\/\"},\"author\":{\"name\":\"Maria Gomelskaia\",\"@id\":\"https:\\\/\\\/newsroom.mypostcard.com\\\/de\\\/#\\\/schema\\\/person\\\/0c72a3f0c9fe1703694e4d213dd5a90d\"},\"headline\":\"Write For Rights &#8211; MyPostcard unterst\u00fctzt Kampagne von Amnesty International\",\"datePublished\":\"2020-11-26T08:00:00+00:00\",\"dateModified\":\"2021-01-29T13:14:22+00:00\",\"mainEntityOfPage\":{\"@id\":\"https:\\\/\\\/newsroom.mypostcard.com\\\/de\\\/write-for-rights-mypostcard-unterstutzt-kampagne-von-amnesty-international\\\/\"},\"wordCount\":659,\"image\":{\"@id\":\"https:\\\/\\\/newsroom.mypostcard.com\\\/de\\\/write-for-rights-mypostcard-unterstutzt-kampagne-von-amnesty-international\\\/#primaryimage\"},\"thumbnailUrl\":\"https:\\\/\\\/newsroom-6aa0.kxcdn.com\\\/wp-content\\\/uploads\\\/2020\\\/11\\\/MPC_amnesty_graphic.jpg\",\"articleSection\":[\"Alle\",\"News\",\"Soziales Engagement\"],\"inLanguage\":\"de\"},{\"@type\":\"WebPage\",\"@id\":\"https:\\\/\\\/newsroom.mypostcard.com\\\/de\\\/write-for-rights-mypostcard-unterstutzt-kampagne-von-amnesty-international\\\/\",\"url\":\"https:\\\/\\\/newsroom.mypostcard.com\\\/de\\\/write-for-rights-mypostcard-unterstutzt-kampagne-von-amnesty-international\\\/\",\"name\":\"Write For Rights - MyPostcard unterst\u00fctzt Kampagne von Amnesty International - MyPostcard Newsroom\",\"isPartOf\":{\"@id\":\"https:\\\/\\\/newsroom.mypostcard.com\\\/de\\\/#website\"},\"primaryImageOfPage\":{\"@id\":\"https:\\\/\\\/newsroom.mypostcard.com\\\/de\\\/write-for-rights-mypostcard-unterstutzt-kampagne-von-amnesty-international\\\/#primaryimage\"},\"image\":{\"@id\":\"https:\\\/\\\/newsroom.mypostcard.com\\\/de\\\/write-for-rights-mypostcard-unterstutzt-kampagne-von-amnesty-international\\\/#primaryimage\"},\"thumbnailUrl\":\"https:\\\/\\\/newsroom-6aa0.kxcdn.com\\\/wp-content\\\/uploads\\\/2020\\\/11\\\/MPC_amnesty_graphic.jpg\",\"datePublished\":\"2020-11-26T08:00:00+00:00\",\"dateModified\":\"2021-01-29T13:14:22+00:00\",\"author\":{\"@id\":\"https:\\\/\\\/newsroom.mypostcard.com\\\/de\\\/#\\\/schema\\\/person\\\/0c72a3f0c9fe1703694e4d213dd5a90d\"},\"description\":\"MyPostcard unterst\u00fctzt die Kampagne Write for Rights von Amnesty International und ruft dazu auf, Postkarten f\u00fcr Menschenrechte zu versenden.\",\"inLanguage\":\"de\",\"potentialAction\":[{\"@type\":\"ReadAction\",\"target\":[\"https:\\\/\\\/newsroom.mypostcard.com\\\/de\\\/write-for-rights-mypostcard-unterstutzt-kampagne-von-amnesty-international\\\/\"]}]},{\"@type\":\"ImageObject\",\"inLanguage\":\"de\",\"@id\":\"https:\\\/\\\/newsroom.mypostcard.com\\\/de\\\/write-for-rights-mypostcard-unterstutzt-kampagne-von-amnesty-international\\\/#primaryimage\",\"url\":\"https:\\\/\\\/newsroom-6aa0.kxcdn.com\\\/wp-content\\\/uploads\\\/2020\\\/11\\\/MPC_amnesty_graphic.jpg\",\"contentUrl\":\"https:\\\/\\\/newsroom-6aa0.kxcdn.com\\\/wp-content\\\/uploads\\\/2020\\\/11\\\/MPC_amnesty_graphic.jpg\",\"width\":1196,\"height\":849,\"caption\":\"Quelle: Amnesty & MyPostcard\"},{\"@type\":\"WebSite\",\"@id\":\"https:\\\/\\\/newsroom.mypostcard.com\\\/de\\\/#website\",\"url\":\"https:\\\/\\\/newsroom.mypostcard.com\\\/de\\\/\",\"name\":\"MyPostcard Newsroom\",\"description\":\"What&#039;s new at MyPostcard\",\"potentialAction\":[{\"@type\":\"SearchAction\",\"target\":{\"@type\":\"EntryPoint\",\"urlTemplate\":\"https:\\\/\\\/newsroom.mypostcard.com\\\/de\\\/?s={search_term_string}\"},\"query-input\":{\"@type\":\"PropertyValueSpecification\",\"valueRequired\":true,\"valueName\":\"search_term_string\"}}],\"inLanguage\":\"de\"},{\"@type\":\"Person\",\"@id\":\"https:\\\/\\\/newsroom.mypostcard.com\\\/de\\\/#\\\/schema\\\/person\\\/0c72a3f0c9fe1703694e4d213dd5a90d\",\"name\":\"Maria Gomelskaia\",\"image\":{\"@type\":\"ImageObject\",\"inLanguage\":\"de\",\"@id\":\"https:\\\/\\\/secure.gravatar.com\\\/avatar\\\/d7a61c1e0ce766b63e3d81bc5dcef52698ce0c62c2be4e88d7caa345271d1ed3?s=96&d=mm&r=g\",\"url\":\"https:\\\/\\\/secure.gravatar.com\\\/avatar\\\/d7a61c1e0ce766b63e3d81bc5dcef52698ce0c62c2be4e88d7caa345271d1ed3?s=96&d=mm&r=g\",\"contentUrl\":\"https:\\\/\\\/secure.gravatar.com\\\/avatar\\\/d7a61c1e0ce766b63e3d81bc5dcef52698ce0c62c2be4e88d7caa345271d1ed3?s=96&d=mm&r=g\",\"caption\":\"Maria Gomelskaia\"},\"url\":\"https:\\\/\\\/newsroom.mypostcard.com\\\/de\\\/author\\\/myp-maria\\\/\"}]}<\/script>\n<!-- \/ Yoast SEO plugin. -->","yoast_head_json":{"title":"Write For Rights - MyPostcard unterst\u00fctzt Kampagne von Amnesty International - MyPostcard Newsroom","description":"MyPostcard unterst\u00fctzt die Kampagne Write for Rights von Amnesty International und ruft dazu auf, Postkarten f\u00fcr Menschenrechte zu versenden.","robots":{"index":"index","follow":"follow","max-snippet":"max-snippet:-1","max-image-preview":"max-image-preview:large","max-video-preview":"max-video-preview:-1"},"canonical":"https:\/\/newsroom.mypostcard.com\/de\/write-for-rights-mypostcard-unterstutzt-kampagne-von-amnesty-international\/","og_locale":"de_DE","og_type":"article","og_title":"Write For Rights - MyPostcard unterst\u00fctzt Kampagne von Amnesty International - MyPostcard Newsroom","og_description":"MyPostcard unterst\u00fctzt die Kampagne Write for Rights von Amnesty International und ruft dazu auf, Postkarten f\u00fcr Menschenrechte zu versenden.","og_url":"https:\/\/newsroom.mypostcard.com\/de\/write-for-rights-mypostcard-unterstutzt-kampagne-von-amnesty-international\/","og_site_name":"MyPostcard Newsroom","article_published_time":"2020-11-26T08:00:00+00:00","article_modified_time":"2021-01-29T13:14:22+00:00","og_image":[{"width":1196,"height":849,"url":"https:\/\/newsroom.mypostcard.com\/wp-content\/uploads\/2020\/11\/MPC_amnesty_graphic.jpg","type":"image\/jpeg"}],"author":"Maria Gomelskaia","twitter_card":"summary_large_image","twitter_misc":{"Verfasst von":"Maria Gomelskaia","Gesch\u00e4tzte Lesezeit":"3\u00a0Minuten"},"schema":{"@context":"https:\/\/schema.org","@graph":[{"@type":"Article","@id":"https:\/\/newsroom.mypostcard.com\/de\/write-for-rights-mypostcard-unterstutzt-kampagne-von-amnesty-international\/#article","isPartOf":{"@id":"https:\/\/newsroom.mypostcard.com\/de\/write-for-rights-mypostcard-unterstutzt-kampagne-von-amnesty-international\/"},"author":{"name":"Maria Gomelskaia","@id":"https:\/\/newsroom.mypostcard.com\/de\/#\/schema\/person\/0c72a3f0c9fe1703694e4d213dd5a90d"},"headline":"Write For Rights &#8211; MyPostcard unterst\u00fctzt Kampagne von Amnesty International","datePublished":"2020-11-26T08:00:00+00:00","dateModified":"2021-01-29T13:14:22+00:00","mainEntityOfPage":{"@id":"https:\/\/newsroom.mypostcard.com\/de\/write-for-rights-mypostcard-unterstutzt-kampagne-von-amnesty-international\/"},"wordCount":659,"image":{"@id":"https:\/\/newsroom.mypostcard.com\/de\/write-for-rights-mypostcard-unterstutzt-kampagne-von-amnesty-international\/#primaryimage"},"thumbnailUrl":"https:\/\/newsroom-6aa0.kxcdn.com\/wp-content\/uploads\/2020\/11\/MPC_amnesty_graphic.jpg","articleSection":["Alle","News","Soziales Engagement"],"inLanguage":"de"},{"@type":"WebPage","@id":"https:\/\/newsroom.mypostcard.com\/de\/write-for-rights-mypostcard-unterstutzt-kampagne-von-amnesty-international\/","url":"https:\/\/newsroom.mypostcard.com\/de\/write-for-rights-mypostcard-unterstutzt-kampagne-von-amnesty-international\/","name":"Write For Rights - MyPostcard unterst\u00fctzt Kampagne von Amnesty International - MyPostcard Newsroom","isPartOf":{"@id":"https:\/\/newsroom.mypostcard.com\/de\/#website"},"primaryImageOfPage":{"@id":"https:\/\/newsroom.mypostcard.com\/de\/write-for-rights-mypostcard-unterstutzt-kampagne-von-amnesty-international\/#primaryimage"},"image":{"@id":"https:\/\/newsroom.mypostcard.com\/de\/write-for-rights-mypostcard-unterstutzt-kampagne-von-amnesty-international\/#primaryimage"},"thumbnailUrl":"https:\/\/newsroom-6aa0.kxcdn.com\/wp-content\/uploads\/2020\/11\/MPC_amnesty_graphic.jpg","datePublished":"2020-11-26T08:00:00+00:00","dateModified":"2021-01-29T13:14:22+00:00","author":{"@id":"https:\/\/newsroom.mypostcard.com\/de\/#\/schema\/person\/0c72a3f0c9fe1703694e4d213dd5a90d"},"description":"MyPostcard unterst\u00fctzt die Kampagne Write for Rights von Amnesty International und ruft dazu auf, Postkarten f\u00fcr Menschenrechte zu versenden.","inLanguage":"de","potentialAction":[{"@type":"ReadAction","target":["https:\/\/newsroom.mypostcard.com\/de\/write-for-rights-mypostcard-unterstutzt-kampagne-von-amnesty-international\/"]}]},{"@type":"ImageObject","inLanguage":"de","@id":"https:\/\/newsroom.mypostcard.com\/de\/write-for-rights-mypostcard-unterstutzt-kampagne-von-amnesty-international\/#primaryimage","url":"https:\/\/newsroom-6aa0.kxcdn.com\/wp-content\/uploads\/2020\/11\/MPC_amnesty_graphic.jpg","contentUrl":"https:\/\/newsroom-6aa0.kxcdn.com\/wp-content\/uploads\/2020\/11\/MPC_amnesty_graphic.jpg","width":1196,"height":849,"caption":"Quelle: Amnesty & MyPostcard"},{"@type":"WebSite","@id":"https:\/\/newsroom.mypostcard.com\/de\/#website","url":"https:\/\/newsroom.mypostcard.com\/de\/","name":"MyPostcard Newsroom","description":"What&#039;s new at MyPostcard","potentialAction":[{"@type":"SearchAction","target":{"@type":"EntryPoint","urlTemplate":"https:\/\/newsroom.mypostcard.com\/de\/?s={search_term_string}"},"query-input":{"@type":"PropertyValueSpecification","valueRequired":true,"valueName":"search_term_string"}}],"inLanguage":"de"},{"@type":"Person","@id":"https:\/\/newsroom.mypostcard.com\/de\/#\/schema\/person\/0c72a3f0c9fe1703694e4d213dd5a90d","name":"Maria Gomelskaia","image":{"@type":"ImageObject","inLanguage":"de","@id":"https:\/\/secure.gravatar.com\/avatar\/d7a61c1e0ce766b63e3d81bc5dcef52698ce0c62c2be4e88d7caa345271d1ed3?s=96&d=mm&r=g","url":"https:\/\/secure.gravatar.com\/avatar\/d7a61c1e0ce766b63e3d81bc5dcef52698ce0c62c2be4e88d7caa345271d1ed3?s=96&d=mm&r=g","contentUrl":"https:\/\/secure.gravatar.com\/avatar\/d7a61c1e0ce766b63e3d81bc5dcef52698ce0c62c2be4e88d7caa345271d1ed3?s=96&d=mm&r=g","caption":"Maria Gomelskaia"},"url":"https:\/\/newsroom.mypostcard.com\/de\/author\/myp-maria\/"}]}},"post_mailing_queue_ids":[],"_links":{"self":[{"href":"https:\/\/newsroom.mypostcard.com\/de\/wp-json\/wp\/v2\/posts\/11781","targetHints":{"allow":["GET"]}}],"collection":[{"href":"https:\/\/newsroom.mypostcard.com\/de\/wp-json\/wp\/v2\/posts"}],"about":[{"href":"https:\/\/newsroom.mypostcard.com\/de\/wp-json\/wp\/v2\/types\/post"}],"author":[{"embeddable":true,"href":"https:\/\/newsroom.mypostcard.com\/de\/wp-json\/wp\/v2\/users\/2"}],"replies":[{"embeddable":true,"href":"https:\/\/newsroom.mypostcard.com\/de\/wp-json\/wp\/v2\/comments?post=11781"}],"version-history":[{"count":13,"href":"https:\/\/newsroom.mypostcard.com\/de\/wp-json\/wp\/v2\/posts\/11781\/revisions"}],"predecessor-version":[{"id":11798,"href":"https:\/\/newsroom.mypostcard.com\/de\/wp-json\/wp\/v2\/posts\/11781\/revisions\/11798"}],"wp:featuredmedia":[{"embeddable":true,"href":"https:\/\/newsroom.mypostcard.com\/de\/wp-json\/wp\/v2\/media\/11782"}],"wp:attachment":[{"href":"https:\/\/newsroom.mypostcard.com\/de\/wp-json\/wp\/v2\/media?parent=11781"}],"wp:term":[{"taxonomy":"category","embeddable":true,"href":"https:\/\/newsroom.mypostcard.com\/de\/wp-json\/wp\/v2\/categories?post=11781"},{"taxonomy":"post_tag","embeddable":true,"href":"https:\/\/newsroom.mypostcard.com\/de\/wp-json\/wp\/v2\/tags?post=11781"}],"curies":[{"name":"wp","href":"https:\/\/api.w.org\/{rel}","templated":true}]}}